{"id":59,"date":"2026-04-27T08:33:18","date_gmt":"2026-04-27T12:33:18","guid":{"rendered":"https:\/\/11121769.vozdecorumba.com.br\/?p=59"},"modified":"2026-04-27T08:33:18","modified_gmt":"2026-04-27T12:33:18","slug":"operacao-policial-em-costa-rica-resulta-em-apreensoes-de-drogas-e-veiculos-ilegais","status":"publish","type":"post","link":"https:\/\/11121769.vozdecorumba.com.br\/?p=59","title":{"rendered":"Opera\u00e7\u00e3o Policial em Costa Rica Resulta em Apreens\u00f5es de Drogas e Ve\u00edculos Ilegais"},"content":{"rendered":"<h4>A\u00e7\u00e3o das autoridades durante o final de semana culminou em pris\u00f5es e apreens\u00f5es significativas na cidade.<\/h4>\n<p>Entre a noite de s\u00e1bado (25) e a manh\u00e3 de domingo (26), a Delegacia de Pol\u00edcia Civil de Costa Rica intensificou suas opera\u00e7\u00f5es de combate ao tr\u00e1fico de drogas e ao uso de ve\u00edculos adulterados. As a\u00e7\u00f5es resultaram em diversas pris\u00f5es em flagrante e na apreens\u00e3o de subst\u00e2ncias il\u00edcitas, ve\u00edculos modificados e muni\u00e7\u00f5es, destacando a atua\u00e7\u00e3o firme das for\u00e7as de seguran\u00e7a na regi\u00e3o.<\/p>\n<p>Na madrugada de domingo, agentes foram acionados ap\u00f3s den\u00fancias sobre movimenta\u00e7\u00f5es suspeitas em \u00e1reas conhecidas por atividades criminosas. A resposta r\u00e1pida das autoridades possibilitou a identifica\u00e7\u00e3o de indiv\u00edduos envolvidos em pr\u00e1ticas ilegais. Durante a abordagem, foram encontrados entorpecentes que, segundo a pol\u00edcia, seriam distribu\u00eddos nas redondezas.<\/p>\n<p>Al\u00e9m das drogas, a opera\u00e7\u00e3o revelou um esquema de adultera\u00e7\u00e3o de ve\u00edculos. A pol\u00edcia constatou que alguns autom\u00f3veis apreendidos apresentavam sinais de modifica\u00e7\u00e3o em seus chassis e placas, o que configura uma infra\u00e7\u00e3o grave. A presen\u00e7a de muni\u00e7\u00f5es tamb\u00e9m levantou preocupa\u00e7\u00f5es sobre a possibilidade de os infratores estarem armados, aumentando o risco para a popula\u00e7\u00e3o local.<\/p>\n<p>A atua\u00e7\u00e3o integrada das for\u00e7as policiais refor\u00e7a o compromisso das autoridades em garantir a seguran\u00e7a e a ordem p\u00fablica. De acordo com as investiga\u00e7\u00f5es, a a\u00e7\u00e3o n\u00e3o se limita a um \u00fanico evento, mas \u00e9 parte de uma estrat\u00e9gia cont\u00ednua para desmantelar redes de crime organizado que atuam na regi\u00e3o.<\/p>\n<p>Casos como este s\u00e3o um alerta para a popula\u00e7\u00e3o sobre a import\u00e2ncia de denunciar atividades suspeitas e colaborar com as autoridades. A Pol\u00edcia Civil de Costa Rica encoraja os cidad\u00e3os a se manterem vigilantes e a reportarem qualquer situa\u00e7\u00e3o que possa envolver tr\u00e1fico de drogas ou crimes relacionados a ve\u00edculos.<\/p>\n<p>Com a crescente preocupa\u00e7\u00e3o em rela\u00e7\u00e3o \u00e0 seguran\u00e7a p\u00fablica, opera\u00e7\u00f5es desse tipo s\u00e3o fundamentais para coibir pr\u00e1ticas il\u00edcitas e proteger a comunidade. As autoridades enfatizam que cada apreens\u00e3o significa um passo a mais na luta contra o crime e na promo\u00e7\u00e3o do bem-estar social.<\/p>\n<p>O impacto dessas a\u00e7\u00f5es \u00e9 significativo, uma vez que a redu\u00e7\u00e3o da circula\u00e7\u00e3o de subst\u00e2ncias ilegais e ve\u00edculos adulterados pode contribuir para um ambiente mais seguro. Al\u00e9m disso, as pris\u00f5es realizadas durante a opera\u00e7\u00e3o refletem a determina\u00e7\u00e3o das for\u00e7as policiais em agir de forma proativa e eficiente.<\/p>\n<p>Para os moradores de Costa Rica, a presen\u00e7a constante da pol\u00edcia nas ruas e a realiza\u00e7\u00e3o de opera\u00e7\u00f5es como esta trazem um sentimento de seguran\u00e7a e esperan\u00e7a. A comunidade \u00e9 incentivada a continuar colaborando com as autoridades, pois a uni\u00e3o entre policiais e cidad\u00e3os \u00e9 essencial para o sucesso no combate ao crime.<\/p>\n","protected":false},"excerpt":{"rendered":"<p>Uma opera\u00e7\u00e3o policial em Costa Rica resultou na apreens\u00e3o de drogas, ve\u00edculos adulterados e muni\u00e7\u00f5es, al\u00e9m de v\u00e1rias pris\u00f5es em flagrante. As a\u00e7\u00f5es refletem o compromisso das autoridades em combater o crime na regi\u00e3o.<\/p>\n","protected":false},"author":1,"featured_media":60,"comment_status":"open","ping_status":"open","sticky":false,"template":"","format":"standard","meta":{"footnotes":""},"categories":[1],"tags":[72,73,20,6,74],"class_list":["post-59","post","type-post","status-publish","format-standard","has-post-thumbnail","hentry","category-noticias","tag-costa-rica","tag-drogas","tag-policia-civil","tag-seguranca-publica","tag-veiculos-ilegais"],"_links":{"self":[{"href":"https:\/\/11121769.vozdecorumba.com.br\/index.php?rest_route=\/wp\/v2\/posts\/59","targetHints":{"allow":["GET"]}}],"collection":[{"href":"https:\/\/11121769.vozdecorumba.com.br\/index.php?rest_route=\/wp\/v2\/posts"}],"about":[{"href":"https:\/\/11121769.vozdecorumba.com.br\/index.php?rest_route=\/wp\/v2\/types\/post"}],"author":[{"embeddable":true,"href":"https:\/\/11121769.vozdecorumba.com.br\/index.php?rest_route=\/wp\/v2\/users\/1"}],"replies":[{"embeddable":true,"href":"https:\/\/11121769.vozdecorumba.com.br\/index.php?rest_route=%2Fwp%2Fv2%2Fcomments&post=59"}],"version-history":[{"count":0,"href":"https:\/\/11121769.vozdecorumba.com.br\/index.php?rest_route=\/wp\/v2\/posts\/59\/revisions"}],"wp:featuredmedia":[{"embeddable":true,"href":"https:\/\/11121769.vozdecorumba.com.br\/index.php?rest_route=\/wp\/v2\/media\/60"}],"wp:attachment":[{"href":"https:\/\/11121769.vozdecorumba.com.br\/index.php?rest_route=%2Fwp%2Fv2%2Fmedia&parent=59"}],"wp:term":[{"taxonomy":"category","embeddable":true,"href":"https:\/\/11121769.vozdecorumba.com.br\/index.php?rest_route=%2Fwp%2Fv2%2Fcategories&post=59"},{"taxonomy":"post_tag","embeddable":true,"href":"https:\/\/11121769.vozdecorumba.com.br\/index.php?rest_route=%2Fwp%2Fv2%2Ftags&post=59"}],"curies":[{"name":"wp","href":"https:\/\/api.w.org\/{rel}","templated":true}]}}