{"id":61,"date":"2026-04-27T08:33:51","date_gmt":"2026-04-27T12:33:51","guid":{"rendered":"https:\/\/11121769.vozdecorumba.com.br\/?p=61"},"modified":"2026-04-27T08:33:51","modified_gmt":"2026-04-27T12:33:51","slug":"homem-e-detido-por-estupro-e-sequestro-em-campo-grande","status":"publish","type":"post","link":"https:\/\/11121769.vozdecorumba.com.br\/?p=61","title":{"rendered":"Homem \u00e9 Detido por Estupro e Sequestro em Campo Grande"},"content":{"rendered":"<h4>A\u00e7\u00e3o da Pol\u00edcia Civil resulta na pris\u00e3o de um suspeito ap\u00f3s den\u00fancia de uma mulher de 47 anos.<\/h4>\n<p>Na tarde do dia 25, a Pol\u00edcia Civil de Mato Grosso do Sul, atrav\u00e9s da equipe de capturas e da 1\u00aa Delegacia Especializada de Atendimento \u00e0 Mulher (DEAM) em Campo Grande, efetuou a pris\u00e3o de H.M.G., um homem de 44 anos, acusado de cometer estupro e c\u00e1rcere privado. A deten\u00e7\u00e3o ocorreu ap\u00f3s a v\u00edtima, uma mulher de 47 anos, comparecer \u00e0 delegacia para registrar a ocorr\u00eancia.<\/p>\n<p>A v\u00edtima relatou que havia sido mantida em cativeiro durante um per\u00edodo, sendo agredida e amea\u00e7ada pelo suspeito, que era conhecido dela. O caso gerou grande preocupa\u00e7\u00e3o na comunidade local, levando a um aumento na mobiliza\u00e7\u00e3o da pol\u00edcia para coibir esse tipo de crime. A r\u00e1pida resposta das autoridades foi fundamental para assegurar a integridade da mulher, que conseguiu escapar das garras do agressor e buscar ajuda.<\/p>\n<p>O delegado respons\u00e1vel pelo caso destacou a import\u00e2ncia de as v\u00edtimas denunciarem situa\u00e7\u00f5es de viol\u00eancia, ressaltando que a pol\u00edcia est\u00e1 preparada para atuar com discri\u00e7\u00e3o e efic\u00e1cia. Al\u00e9m disso, a DEAM oferece apoio psicol\u00f3gico e jur\u00eddico para as v\u00edtimas de viol\u00eancia, reafirmando o compromisso das autoridades em combater crimes contra a mulher.<\/p>\n<p>Este incidente tamb\u00e9m chama a aten\u00e7\u00e3o para a crescente preocupa\u00e7\u00e3o com a seguran\u00e7a das mulheres em ambientes urbanos. Estudos recentes indicam que a viol\u00eancia de g\u00eanero continua a ser um problema significativo, com dados alarmantes sobre a incid\u00eancia de casos de abuso sexual e dom\u00e9stico. A sociedade civil, juntamente com as for\u00e7as de seguran\u00e7a, deve trabalhar em conjunto para promover a conscientiza\u00e7\u00e3o e prevenir tais crimes.<\/p>\n<p>Diversas campanhas t\u00eam sido lan\u00e7adas para encorajar as v\u00edtimas a romperem o sil\u00eancio e procurarem ajuda. A atua\u00e7\u00e3o proativa da pol\u00edcia \u00e9 um passo importante, mas tamb\u00e9m \u00e9 essencial que a comunidade se una para criar um ambiente seguro para todos.<\/p>\n<p>Al\u00e9m da repress\u00e3o imediata a esses crimes, iniciativas educacionais e programas de preven\u00e7\u00e3o s\u00e3o cruciais para enfrentar as ra\u00edzes da viol\u00eancia de g\u00eanero. \u00c9 necess\u00e1rio um esfor\u00e7o cont\u00ednuo para mudar a cultura que permite que esses atos ocorram impunemente.<\/p>\n<p>A pris\u00e3o de H.M.G. \u00e9 um sinal de que as autoridades est\u00e3o comprometidas em agir contra a viol\u00eancia, mas tamb\u00e9m serve como um lembrete de que a luta contra a viol\u00eancia de g\u00eanero deve ser uma prioridade constante. A cada den\u00fancia, a sociedade avan\u00e7a em dire\u00e7\u00e3o a um futuro mais seguro e justo, onde todas as mulheres possam viver sem medo de viol\u00eancia.<\/p>\n","protected":false},"excerpt":{"rendered":"<p>A Pol\u00edcia Civil de Mato Grosso do Sul prendeu um homem de 44 anos por estupro e c\u00e1rcere privado, ap\u00f3s uma mulher de 47 anos denunciar o crime. A a\u00e7\u00e3o destaca a import\u00e2ncia de denunciar a viol\u00eancia de g\u00eanero e a resposta r\u00e1pida das autoridades.<\/p>\n","protected":false},"author":1,"featured_media":62,"comment_status":"open","ping_status":"open","sticky":false,"template":"","format":"standard","meta":{"footnotes":""},"categories":[1],"tags":[23,76,75,20,77],"class_list":["post-61","post","type-post","status-publish","format-standard","has-post-thumbnail","hentry","category-noticias","tag-campo-grande","tag-carcere-privado","tag-estupro","tag-policia-civil","tag-violencia-de-genero"],"_links":{"self":[{"href":"https:\/\/11121769.vozdecorumba.com.br\/index.php?rest_route=\/wp\/v2\/posts\/61","targetHints":{"allow":["GET"]}}],"collection":[{"href":"https:\/\/11121769.vozdecorumba.com.br\/index.php?rest_route=\/wp\/v2\/posts"}],"about":[{"href":"https:\/\/11121769.vozdecorumba.com.br\/index.php?rest_route=\/wp\/v2\/types\/post"}],"author":[{"embeddable":true,"href":"https:\/\/11121769.vozdecorumba.com.br\/index.php?rest_route=\/wp\/v2\/users\/1"}],"replies":[{"embeddable":true,"href":"https:\/\/11121769.vozdecorumba.com.br\/index.php?rest_route=%2Fwp%2Fv2%2Fcomments&post=61"}],"version-history":[{"count":0,"href":"https:\/\/11121769.vozdecorumba.com.br\/index.php?rest_route=\/wp\/v2\/posts\/61\/revisions"}],"wp:featuredmedia":[{"embeddable":true,"href":"https:\/\/11121769.vozdecorumba.com.br\/index.php?rest_route=\/wp\/v2\/media\/62"}],"wp:attachment":[{"href":"https:\/\/11121769.vozdecorumba.com.br\/index.php?rest_route=%2Fwp%2Fv2%2Fmedia&parent=61"}],"wp:term":[{"taxonomy":"category","embeddable":true,"href":"https:\/\/11121769.vozdecorumba.com.br\/index.php?rest_route=%2Fwp%2Fv2%2Fcategories&post=61"},{"taxonomy":"post_tag","embeddable":true,"href":"https:\/\/11121769.vozdecorumba.com.br\/index.php?rest_route=%2Fwp%2Fv2%2Ftags&post=61"}],"curies":[{"name":"wp","href":"https:\/\/api.w.org\/{rel}","templated":true}]}}