{"id":63,"date":"2026-04-27T08:34:21","date_gmt":"2026-04-27T12:34:21","guid":{"rendered":"https:\/\/11121769.vozdecorumba.com.br\/?p=63"},"modified":"2026-04-27T08:34:21","modified_gmt":"2026-04-27T12:34:21","slug":"homem-e-detido-em-brasilandia-por-violencia-domestica-e-ameaca","status":"publish","type":"post","link":"https:\/\/11121769.vozdecorumba.com.br\/?p=63","title":{"rendered":"Homem \u00e9 Detido em Brasil\u00e2ndia por Viol\u00eancia Dom\u00e9stica e Amea\u00e7a"},"content":{"rendered":"<h4>A pris\u00e3o ocorreu ap\u00f3s a v\u00edtima denunciar descumprimento de medidas protetivas<\/h4>\n<p>Na \u00faltima quinta-feira, 24 de agosto, a Pol\u00edcia Civil de Mato Grosso do Sul efetuou a pris\u00e3o de um homem em Brasil\u00e2ndia, suspeito de cometer crimes de amea\u00e7a e de desrespeitar ordens de medidas protetivas relacionadas a casos de viol\u00eancia dom\u00e9stica. A a\u00e7\u00e3o policial foi desencadeada ap\u00f3s a v\u00edtima buscar ajuda na delegacia e relatar a situa\u00e7\u00e3o de risco que estava enfrentando.<\/p>\n<p>O caso chamou a aten\u00e7\u00e3o das autoridades, uma vez que representa um exemplo cr\u00edtico da realidade enfrentada por muitas mulheres que s\u00e3o v\u00edtimas de viol\u00eancia dentro de seus lares. As medidas protetivas s\u00e3o instrumentos legais criados para proteger as v\u00edtimas, mas frequentemente s\u00e3o desrespeitadas pelos agressores, o que agrava ainda mais a situa\u00e7\u00e3o de vulnerabilidade.<\/p>\n<p>Ap\u00f3s a den\u00fancia, a equipe da Delegacia de Brasil\u00e2ndia mobilizou-se rapidamente para averiguar as informa\u00e7\u00f5es fornecidas pela v\u00edtima. O homem foi encontrado no local indicado e, ao ser abordado, foi flagrado em situa\u00e7\u00e3o de descumprimento das ordens judiciais. Ele foi preso em flagrante e encaminhado \u00e0 unidade prisional, onde dever\u00e1 responder pelos crimes cometidos.<\/p>\n<p>Esse tipo de ocorr\u00eancia destaca a import\u00e2ncia do apoio institucional para as v\u00edtimas de viol\u00eancia dom\u00e9stica e a necessidade de um sistema que garanta a efetividade das medidas protetivas. O papel da Pol\u00edcia Civil \u00e9 crucial nesse processo, pois atua n\u00e3o apenas na repress\u00e3o aos crimes, mas tamb\u00e9m na sensibiliza\u00e7\u00e3o da sociedade sobre a gravidade da viol\u00eancia de g\u00eanero.<\/p>\n<p>Al\u00e9m disso, o caso ressalta a relev\u00e2ncia de canais de den\u00fancia e apoio \u00e0s v\u00edtimas, como os servi\u00e7os de assist\u00eancia social e psicol\u00f3gica, que s\u00e3o essenciais para ajudar as mulheres a sa\u00edrem de situa\u00e7\u00f5es de viol\u00eancia. O comprometimento do sistema de justi\u00e7a em agir rapidamente pode ser determinante para a seguran\u00e7a das v\u00edtimas e para a preven\u00e7\u00e3o de novos epis\u00f3dios de viol\u00eancia.<\/p>\n<p>A Pol\u00edcia Civil tem promovido campanhas educativas e de conscientiza\u00e7\u00e3o sobre os direitos das mulheres e a import\u00e2ncia de denunciar situa\u00e7\u00f5es de abuso. A sociedade tamb\u00e9m desempenha um papel fundamental, ao n\u00e3o silenciar sobre esses casos e apoiar as v\u00edtimas em suas decis\u00f5es de buscar ajuda.<\/p>\n<p>A pris\u00e3o do homem em Brasil\u00e2ndia \u00e9 um passo importante na luta contra a viol\u00eancia dom\u00e9stica, mas \u00e9 necess\u00e1rio que haja um esfor\u00e7o cont\u00ednuo para garantir que as v\u00edtimas se sintam seguras e respaldadas. A efetividade das medidas protetivas e a puni\u00e7\u00e3o dos agressores s\u00e3o fundamentais para a constru\u00e7\u00e3o de um ambiente mais seguro e justo para todas as mulheres.<\/p>\n","protected":false},"excerpt":{"rendered":"<p>Um homem foi preso em Brasil\u00e2ndia por amea\u00e7ar e descumprir medidas protetivas em um caso de viol\u00eancia dom\u00e9stica. A a\u00e7\u00e3o da Pol\u00edcia Civil destaca a import\u00e2ncia do combate \u00e0 viol\u00eancia contra a mulher e do respeito \u00e0s ordens judiciais.<\/p>\n","protected":false},"author":1,"featured_media":64,"comment_status":"open","ping_status":"open","sticky":false,"template":"","format":"standard","meta":{"footnotes":""},"categories":[1],"tags":[11,21,20,78,22],"class_list":["post-63","post","type-post","status-publish","format-standard","has-post-thumbnail","hentry","category-noticias","tag-brasilandia","tag-medidas-protetivas","tag-policia-civil","tag-seguranca-da-mulher","tag-violencia-domestica"],"_links":{"self":[{"href":"https:\/\/11121769.vozdecorumba.com.br\/index.php?rest_route=\/wp\/v2\/posts\/63","targetHints":{"allow":["GET"]}}],"collection":[{"href":"https:\/\/11121769.vozdecorumba.com.br\/index.php?rest_route=\/wp\/v2\/posts"}],"about":[{"href":"https:\/\/11121769.vozdecorumba.com.br\/index.php?rest_route=\/wp\/v2\/types\/post"}],"author":[{"embeddable":true,"href":"https:\/\/11121769.vozdecorumba.com.br\/index.php?rest_route=\/wp\/v2\/users\/1"}],"replies":[{"embeddable":true,"href":"https:\/\/11121769.vozdecorumba.com.br\/index.php?rest_route=%2Fwp%2Fv2%2Fcomments&post=63"}],"version-history":[{"count":0,"href":"https:\/\/11121769.vozdecorumba.com.br\/index.php?rest_route=\/wp\/v2\/posts\/63\/revisions"}],"wp:featuredmedia":[{"embeddable":true,"href":"https:\/\/11121769.vozdecorumba.com.br\/index.php?rest_route=\/wp\/v2\/media\/64"}],"wp:attachment":[{"href":"https:\/\/11121769.vozdecorumba.com.br\/index.php?rest_route=%2Fwp%2Fv2%2Fmedia&parent=63"}],"wp:term":[{"taxonomy":"category","embeddable":true,"href":"https:\/\/11121769.vozdecorumba.com.br\/index.php?rest_route=%2Fwp%2Fv2%2Fcategories&post=63"},{"taxonomy":"post_tag","embeddable":true,"href":"https:\/\/11121769.vozdecorumba.com.br\/index.php?rest_route=%2Fwp%2Fv2%2Ftags&post=63"}],"curies":[{"name":"wp","href":"https:\/\/api.w.org\/{rel}","templated":true}]}}