{"id":65,"date":"2026-04-27T08:35:03","date_gmt":"2026-04-27T12:35:03","guid":{"rendered":"https:\/\/11121769.vozdecorumba.com.br\/?p=65"},"modified":"2026-04-27T08:35:03","modified_gmt":"2026-04-27T12:35:03","slug":"operacao-policial-em-paranaiba-leva-a-prisao-de-suspeito-e-apreensao-de-arma","status":"publish","type":"post","link":"https:\/\/11121769.vozdecorumba.com.br\/?p=65","title":{"rendered":"Opera\u00e7\u00e3o Policial em Parana\u00edba Leva \u00e0 Pris\u00e3o de Suspeito e Apreens\u00e3o de Arma"},"content":{"rendered":"<h4>A\u00e7\u00e3o do 13\u00ba Batalh\u00e3o de Pol\u00edcia Militar resulta em avan\u00e7o nas investiga\u00e7\u00f5es de tentativa de homic\u00eddio.<\/h4>\n<p>Na cidade de Parana\u00edba, no Mato Grosso do Sul, uma opera\u00e7\u00e3o realizada pelo 13\u00ba Batalh\u00e3o de Pol\u00edcia Militar (BPM) culminou na captura de um suspeito e na apreens\u00e3o de uma arma de fogo. Esta a\u00e7\u00e3o foi parte de um esfor\u00e7o cont\u00ednuo da pol\u00edcia para resolver um caso de tentativa de homic\u00eddio que ocorreu recentemente. As investiga\u00e7\u00f5es, conduzidas pela Pol\u00edcia Civil, identificaram a arma como sendo a mesma utilizada no crime, evidenciando a efic\u00e1cia da colabora\u00e7\u00e3o entre as for\u00e7as policiais locais.<\/p>\n<p>A opera\u00e7\u00e3o se deu ap\u00f3s um monitoramento intensivo da \u00e1rea, onde a pol\u00edcia recebeu informa\u00e7\u00f5es que levaram \u00e0 localiza\u00e7\u00e3o do suspeito. A iniciativa demonstrou a import\u00e2ncia da atua\u00e7\u00e3o preventiva e repressiva da PMMS, visando garantir a seguran\u00e7a da comunidade local.<\/p>\n<p>O comandante do 13\u00ba BPM destacou que a\u00e7\u00f5es como essa s\u00e3o fundamentais para combater a criminalidade e proporcionar um ambiente mais seguro para os cidad\u00e3os. Ele tamb\u00e9m enfatizou a import\u00e2ncia do apoio da popula\u00e7\u00e3o, que contribui com den\u00fancias que ajudam nas investiga\u00e7\u00f5es.<\/p>\n<p>A situa\u00e7\u00e3o de viol\u00eancia em Parana\u00edba, assim como em muitas outras cidades, requer um esfor\u00e7o conjunto das for\u00e7as de seguran\u00e7a e da comunidade. Medidas como a realiza\u00e7\u00e3o de opera\u00e7\u00f5es policiais s\u00e3o essenciais para desarticular redes criminosas e agir rapidamente em casos de viol\u00eancia.<\/p>\n<p>Al\u00e9m da pris\u00e3o do suspeito, a apreens\u00e3o da arma \u00e9 um passo significativo para a elucida\u00e7\u00e3o do caso. A pol\u00edcia est\u00e1 agora focada em reunir mais evid\u00eancias e testemunhos que possam levar a uma condena\u00e7\u00e3o efetiva, al\u00e9m de buscar outros poss\u00edveis envolvidos no incidente.<\/p>\n<p>Esse tipo de opera\u00e7\u00e3o n\u00e3o apenas visa prender criminosos, mas tamb\u00e9m atua como um alerta para aqueles que possam estar pensando em cometer crimes, mostrando que as for\u00e7as de seguran\u00e7a est\u00e3o atentas e prontas para agir.<\/p>\n<p>Os cidad\u00e3os de Parana\u00edba s\u00e3o encorajados a continuar colaborando com as autoridades, seja atrav\u00e9s de den\u00fancias an\u00f4nimas ou fornecendo informa\u00e7\u00f5es que possam ajudar nas investiga\u00e7\u00f5es. A participa\u00e7\u00e3o ativa da popula\u00e7\u00e3o \u00e9 crucial para a constru\u00e7\u00e3o de uma sociedade mais segura e justa.<\/p>\n<p>A pris\u00e3o do suspeito e a apreens\u00e3o da arma s\u00e3o exemplos de como a atua\u00e7\u00e3o integrada entre a Pol\u00edcia Militar e a Pol\u00edcia Civil pode trazer resultados positivos para a seguran\u00e7a p\u00fablica. As autoridades permanecem vigilantes e comprometidas em manter a ordem e proteger a popula\u00e7\u00e3o de Parana\u00edba.<\/p>\n","protected":false},"excerpt":{"rendered":"<p>Uma opera\u00e7\u00e3o do 13\u00ba Batalh\u00e3o de Pol\u00edcia Militar em Parana\u00edba resultou na pris\u00e3o de um homem suspeito de tentativa de homic\u00eddio e na apreens\u00e3o da arma utilizada. A a\u00e7\u00e3o destaca a import\u00e2ncia da colabora\u00e7\u00e3o entre a PM e a Pol\u00edcia Civil na luta contra a criminalidade.<\/p>\n","protected":false},"author":1,"featured_media":66,"comment_status":"open","ping_status":"open","sticky":false,"template":"","format":"standard","meta":{"footnotes":""},"categories":[1],"tags":[25,39,79,5,6],"class_list":["post-65","post","type-post","status-publish","format-standard","has-post-thumbnail","hentry","category-noticias","tag-homicidio","tag-operacao-policial","tag-paranaiba","tag-policia-militar","tag-seguranca-publica"],"_links":{"self":[{"href":"https:\/\/11121769.vozdecorumba.com.br\/index.php?rest_route=\/wp\/v2\/posts\/65","targetHints":{"allow":["GET"]}}],"collection":[{"href":"https:\/\/11121769.vozdecorumba.com.br\/index.php?rest_route=\/wp\/v2\/posts"}],"about":[{"href":"https:\/\/11121769.vozdecorumba.com.br\/index.php?rest_route=\/wp\/v2\/types\/post"}],"author":[{"embeddable":true,"href":"https:\/\/11121769.vozdecorumba.com.br\/index.php?rest_route=\/wp\/v2\/users\/1"}],"replies":[{"embeddable":true,"href":"https:\/\/11121769.vozdecorumba.com.br\/index.php?rest_route=%2Fwp%2Fv2%2Fcomments&post=65"}],"version-history":[{"count":0,"href":"https:\/\/11121769.vozdecorumba.com.br\/index.php?rest_route=\/wp\/v2\/posts\/65\/revisions"}],"wp:featuredmedia":[{"embeddable":true,"href":"https:\/\/11121769.vozdecorumba.com.br\/index.php?rest_route=\/wp\/v2\/media\/66"}],"wp:attachment":[{"href":"https:\/\/11121769.vozdecorumba.com.br\/index.php?rest_route=%2Fwp%2Fv2%2Fmedia&parent=65"}],"wp:term":[{"taxonomy":"category","embeddable":true,"href":"https:\/\/11121769.vozdecorumba.com.br\/index.php?rest_route=%2Fwp%2Fv2%2Fcategories&post=65"},{"taxonomy":"post_tag","embeddable":true,"href":"https:\/\/11121769.vozdecorumba.com.br\/index.php?rest_route=%2Fwp%2Fv2%2Ftags&post=65"}],"curies":[{"name":"wp","href":"https:\/\/api.w.org\/{rel}","templated":true}]}}