{"id":67,"date":"2026-04-27T08:35:21","date_gmt":"2026-04-27T12:35:21","guid":{"rendered":"https:\/\/11121769.vozdecorumba.com.br\/?p=67"},"modified":"2026-04-27T08:35:21","modified_gmt":"2026-04-27T12:35:21","slug":"foragido-por-trafico-de-drogas-e-preso-em-corumba-pela-policia-militar","status":"publish","type":"post","link":"https:\/\/11121769.vozdecorumba.com.br\/?p=67","title":{"rendered":"Foragido por Tr\u00e1fico de Drogas \u00e9 Preso em Corumb\u00e1 pela Pol\u00edcia Militar"},"content":{"rendered":"<h4>A captura ocorreu durante uma opera\u00e7\u00e3o de patrulhamento na regi\u00e3o do bairro Vit\u00f3ria R\u00e9gia.<\/h4>\n<p>Na madrugada de sexta-feira, 24 de outubro, equipes da Pol\u00edcia Militar de Corumb\u00e1, no estado de Mato Grosso do Sul, realizaram a pris\u00e3o de um homem de 36 anos, que estava foragido da Justi\u00e7a. A deten\u00e7\u00e3o aconteceu durante um patrulhamento rotineiro na \u00e1rea do bairro Vit\u00f3ria R\u00e9gia, onde os policiais estavam cumprindo com suas fun\u00e7\u00f5es de seguran\u00e7a p\u00fablica.<\/p>\n<p>Os agentes da R\u00e1dio Patrulha de Tr\u00e2nsito, ao realizarem as rondas, notaram a presen\u00e7a do indiv\u00edduo em atitude suspeita. Ao se aproximarem, verificaram que havia um mandado de recaptura em aberto contra ele, relacionado a crimes de tr\u00e1fico de drogas. A opera\u00e7\u00e3o foi r\u00e1pida e eficiente, resultando na pris\u00e3o do homem sem resist\u00eancia.<\/p>\n<p>A a\u00e7\u00e3o da Pol\u00edcia Militar faz parte de um esfor\u00e7o cont\u00ednuo para combater o tr\u00e1fico de drogas e a criminalidade na regi\u00e3o. O bairro Vit\u00f3ria R\u00e9gia, como muitas outras \u00e1reas urbanas, enfrenta desafios relacionados \u00e0 seguran\u00e7a p\u00fablica, e a presen\u00e7a da pol\u00edcia nas ruas tem sido fundamental para inibir a\u00e7\u00f5es criminosas.<\/p>\n<p>Al\u00e9m da pris\u00e3o, a a\u00e7\u00e3o destaca a import\u00e2ncia da colabora\u00e7\u00e3o da comunidade com as for\u00e7as de seguran\u00e7a. A popula\u00e7\u00e3o \u00e9 encorajada a denunciar atividades suspeitas, contribuindo assim para a manuten\u00e7\u00e3o da ordem e seguran\u00e7a na cidade. Em muitos casos, informa\u00e7\u00f5es fornecidas por cidad\u00e3os podem levar a opera\u00e7\u00f5es bem-sucedidas, como a realizada recentemente.<\/p>\n<p>O cumprimento de mandados judiciais \u00e9 um dos principais pap\u00e9is da Pol\u00edcia Militar, que atua n\u00e3o apenas na preven\u00e7\u00e3o de crimes, mas tamb\u00e9m na aplica\u00e7\u00e3o da lei. A recaptura de foragidos \u00e9 uma a\u00e7\u00e3o vital para garantir que aqueles que cometem crimes enfrentem as consequ\u00eancias legais de suas a\u00e7\u00f5es.<\/p>\n<p>As autoridades de Corumb\u00e1 refor\u00e7am que a luta contra o tr\u00e1fico de drogas \u00e9 uma prioridade, visto que esse crime est\u00e1 frequentemente ligado a outras atividades il\u00edcitas e \u00e0 viol\u00eancia. A pris\u00e3o do foragido \u00e9 um passo importante no esfor\u00e7o para desmantelar redes de tr\u00e1fico e reduzir os \u00edndices de criminalidade na regi\u00e3o.<\/p>\n<p>A popula\u00e7\u00e3o pode esperar um aumento nas opera\u00e7\u00f5es de patrulhamento e a\u00e7\u00f5es semelhantes em \u00e1reas onde h\u00e1 relatos de atividades suspeitas. A Pol\u00edcia Militar reitera seu compromisso em manter a seguran\u00e7a e proteger os cidad\u00e3os, e pede que a comunidade continue colaborando, seja por meio de den\u00fancias ou apoio nas a\u00e7\u00f5es de seguran\u00e7a p\u00fablica.<\/p>\n<p>A pris\u00e3o do homem em Corumb\u00e1 \u00e9 um lembrete de que a lei \u00e9 aplicada de forma rigorosa e que esfor\u00e7os conjuntos entre a pol\u00edcia e a comunidade podem resultar em um ambiente mais seguro para todos. Com a continuidade dessas a\u00e7\u00f5es, espera-se que a cidade possa avan\u00e7ar na luta contra o tr\u00e1fico de drogas e outros crimes que afetam a qualidade de vida dos seus habitantes.<\/p>\n","protected":false},"excerpt":{"rendered":"<p>Na madrugada de 24 de outubro, a Pol\u00edcia Militar prendeu um homem de 36 anos em Corumb\u00e1, que estava foragido por tr\u00e1fico de drogas. A a\u00e7\u00e3o destaca a import\u00e2ncia do patrulhamento e da colabora\u00e7\u00e3o da comunidade na seguran\u00e7a p\u00fablica.<\/p>\n","protected":false},"author":1,"featured_media":68,"comment_status":"open","ping_status":"open","sticky":false,"template":"","format":"standard","meta":{"footnotes":""},"categories":[1],"tags":[80,5,44,6,4],"class_list":["post-67","post","type-post","status-publish","format-standard","has-post-thumbnail","hentry","category-noticias","tag-corumba","tag-policia-militar","tag-prisao","tag-seguranca-publica","tag-trafico-de-drogas"],"_links":{"self":[{"href":"https:\/\/11121769.vozdecorumba.com.br\/index.php?rest_route=\/wp\/v2\/posts\/67","targetHints":{"allow":["GET"]}}],"collection":[{"href":"https:\/\/11121769.vozdecorumba.com.br\/index.php?rest_route=\/wp\/v2\/posts"}],"about":[{"href":"https:\/\/11121769.vozdecorumba.com.br\/index.php?rest_route=\/wp\/v2\/types\/post"}],"author":[{"embeddable":true,"href":"https:\/\/11121769.vozdecorumba.com.br\/index.php?rest_route=\/wp\/v2\/users\/1"}],"replies":[{"embeddable":true,"href":"https:\/\/11121769.vozdecorumba.com.br\/index.php?rest_route=%2Fwp%2Fv2%2Fcomments&post=67"}],"version-history":[{"count":0,"href":"https:\/\/11121769.vozdecorumba.com.br\/index.php?rest_route=\/wp\/v2\/posts\/67\/revisions"}],"wp:featuredmedia":[{"embeddable":true,"href":"https:\/\/11121769.vozdecorumba.com.br\/index.php?rest_route=\/wp\/v2\/media\/68"}],"wp:attachment":[{"href":"https:\/\/11121769.vozdecorumba.com.br\/index.php?rest_route=%2Fwp%2Fv2%2Fmedia&parent=67"}],"wp:term":[{"taxonomy":"category","embeddable":true,"href":"https:\/\/11121769.vozdecorumba.com.br\/index.php?rest_route=%2Fwp%2Fv2%2Fcategories&post=67"},{"taxonomy":"post_tag","embeddable":true,"href":"https:\/\/11121769.vozdecorumba.com.br\/index.php?rest_route=%2Fwp%2Fv2%2Ftags&post=67"}],"curies":[{"name":"wp","href":"https:\/\/api.w.org\/{rel}","templated":true}]}}