{"id":69,"date":"2026-04-27T08:35:47","date_gmt":"2026-04-27T12:35:47","guid":{"rendered":"https:\/\/11121769.vozdecorumba.com.br\/?p=69"},"modified":"2026-04-27T08:35:47","modified_gmt":"2026-04-27T12:35:47","slug":"policia-militar-de-corumba-detem-homem-por-invasao-de-domicilio-e-ameacas","status":"publish","type":"post","link":"https:\/\/11121769.vozdecorumba.com.br\/?p=69","title":{"rendered":"Pol\u00edcia Militar de Corumb\u00e1 det\u00e9m homem por invas\u00e3o de domic\u00edlio e amea\u00e7as"},"content":{"rendered":"<h4>A a\u00e7\u00e3o ocorreu no Conjunto Guat\u00f3s, resultando na pris\u00e3o em flagrante de um suspeito de 30 anos.<\/h4>\n<p>Na tarde da \u00faltima quinta-feira, 23, a Pol\u00edcia Militar de Corumb\u00e1, no estado de Mato Grosso do Sul, realizou a pris\u00e3o em flagrante de um homem de 30 anos, que foi acusado de invadir uma resid\u00eancia e amea\u00e7ar os moradores locais no Conjunto Guat\u00f3s. A situa\u00e7\u00e3o come\u00e7ou quando o Centro de Opera\u00e7\u00f5es da Pol\u00edcia Militar (COPOM) recebeu um chamado de emerg\u00eancia sobre a invas\u00e3o. A equipe da R\u00e1dio Patrulha (RP3) rapidamente se deslocou at\u00e9 o local para averiguar a den\u00fancia.<\/p>\n<p>Ao chegar, os policiais se depararam com a v\u00edtima, que relatou ter sido amea\u00e7ada pelo homem ao tentar entrar em sua casa sem autoriza\u00e7\u00e3o. A v\u00edtima ainda afirmou que o suspeito estava agitado e proferia palavras de intimida\u00e7\u00e3o, o que gerou um clima de inseguran\u00e7a na vizinhan\u00e7a. Os policiais, ao ouvirem a vers\u00e3o da v\u00edtima e testemunhas, confirmaram a veracidade das acusa\u00e7\u00f5es e procederam com a deten\u00e7\u00e3o do suspeito.<\/p>\n<p>O homem foi conduzido \u00e0 delegacia, onde foram registrados os procedimentos legais cab\u00edveis, incluindo a formaliza\u00e7\u00e3o das acusa\u00e7\u00f5es de viola\u00e7\u00e3o de domic\u00edlio e amea\u00e7a. Este incidente ressalta a import\u00e2ncia da atua\u00e7\u00e3o r\u00e1pida da Pol\u00edcia Militar em situa\u00e7\u00f5es de risco e a necessidade de a popula\u00e7\u00e3o continuar reportando atividades suspeitas.<\/p>\n<p>Casos como este n\u00e3o s\u00e3o isolados e refletem a quest\u00e3o da seguran\u00e7a p\u00fablica em \u00e1reas urbanas. A invas\u00e3o de domic\u00edlios \u00e9 um crime que, al\u00e9m de violar a privacidade dos cidad\u00e3os, pode resultar em situa\u00e7\u00f5es de viol\u00eancia que afetam a integridade f\u00edsica e psicol\u00f3gica das v\u00edtimas. A presen\u00e7a constante da pol\u00edcia nas comunidades \u00e9 fundamental para garantir a seguran\u00e7a e promover um ambiente de confian\u00e7a entre os moradores.<\/p>\n<p>Al\u00e9m disso, \u00e9 essencial que os cidad\u00e3os conhe\u00e7am seus direitos e saibam como agir em situa\u00e7\u00f5es de amea\u00e7a. Acionar as autoridades imediatamente \u00e9 crucial para evitar que a situa\u00e7\u00e3o se agrave e para que os respons\u00e1veis sejam responsabilizados.<\/p>\n<p>A Pol\u00edcia Militar de Corumb\u00e1 tem refor\u00e7ado suas opera\u00e7\u00f5es de patrulhamento e preven\u00e7\u00e3o, com o objetivo de inibir a\u00e7\u00f5es criminosas e garantir um ambiente mais seguro para todos. A colabora\u00e7\u00e3o da popula\u00e7\u00e3o \u00e9 vital nesse processo, pois den\u00fancias podem ser determinantes para a efic\u00e1cia do trabalho policial e a redu\u00e7\u00e3o da criminalidade na regi\u00e3o.<\/p>\n","protected":false},"excerpt":{"rendered":"<p>A Pol\u00edcia Militar de Corumb\u00e1 prendeu um homem de 30 anos por invas\u00e3o de domic\u00edlio e amea\u00e7as no Conjunto Guat\u00f3s. A r\u00e1pida a\u00e7\u00e3o da pol\u00edcia foi fundamental para garantir a seguran\u00e7a da comunidade.<\/p>\n","protected":false},"author":1,"featured_media":70,"comment_status":"open","ping_status":"open","sticky":false,"template":"","format":"standard","meta":{"footnotes":""},"categories":[1],"tags":[82,80,81,5,6],"class_list":["post-69","post","type-post","status-publish","format-standard","has-post-thumbnail","hentry","category-noticias","tag-ameaca","tag-corumba","tag-invasao-de-domicilio","tag-policia-militar","tag-seguranca-publica"],"_links":{"self":[{"href":"https:\/\/11121769.vozdecorumba.com.br\/index.php?rest_route=\/wp\/v2\/posts\/69","targetHints":{"allow":["GET"]}}],"collection":[{"href":"https:\/\/11121769.vozdecorumba.com.br\/index.php?rest_route=\/wp\/v2\/posts"}],"about":[{"href":"https:\/\/11121769.vozdecorumba.com.br\/index.php?rest_route=\/wp\/v2\/types\/post"}],"author":[{"embeddable":true,"href":"https:\/\/11121769.vozdecorumba.com.br\/index.php?rest_route=\/wp\/v2\/users\/1"}],"replies":[{"embeddable":true,"href":"https:\/\/11121769.vozdecorumba.com.br\/index.php?rest_route=%2Fwp%2Fv2%2Fcomments&post=69"}],"version-history":[{"count":0,"href":"https:\/\/11121769.vozdecorumba.com.br\/index.php?rest_route=\/wp\/v2\/posts\/69\/revisions"}],"wp:featuredmedia":[{"embeddable":true,"href":"https:\/\/11121769.vozdecorumba.com.br\/index.php?rest_route=\/wp\/v2\/media\/70"}],"wp:attachment":[{"href":"https:\/\/11121769.vozdecorumba.com.br\/index.php?rest_route=%2Fwp%2Fv2%2Fmedia&parent=69"}],"wp:term":[{"taxonomy":"category","embeddable":true,"href":"https:\/\/11121769.vozdecorumba.com.br\/index.php?rest_route=%2Fwp%2Fv2%2Fcategories&post=69"},{"taxonomy":"post_tag","embeddable":true,"href":"https:\/\/11121769.vozdecorumba.com.br\/index.php?rest_route=%2Fwp%2Fv2%2Ftags&post=69"}],"curies":[{"name":"wp","href":"https:\/\/api.w.org\/{rel}","templated":true}]}}