{"id":71,"date":"2026-04-28T08:36:47","date_gmt":"2026-04-28T12:36:47","guid":{"rendered":"https:\/\/11121769.vozdecorumba.com.br\/?p=71"},"modified":"2026-04-28T08:36:47","modified_gmt":"2026-04-28T12:36:47","slug":"policia-civil-recupera-joias-roubadas-em-dourados-e-identifica-suspeito","status":"publish","type":"post","link":"https:\/\/11121769.vozdecorumba.com.br\/?p=71","title":{"rendered":"Pol\u00edcia Civil Recupera Joias Roubadas em Dourados e Identifica Suspeito"},"content":{"rendered":"<h4>Investiga\u00e7\u00e3o leva \u00e0 captura de autor de furto em resid\u00eancia no Jardim Tropical<\/h4>\n<p>Na sexta-feira, dia 24, a equipe do Setor de Investiga\u00e7\u00f5es Gerais (SIG) e a N\u00facleo de Repress\u00e3o a Crimes de Dourados conseguiram identificar o respons\u00e1vel por um furto ocorrido em uma resid\u00eancia no Jardim Tropical, no dia 11 deste m\u00eas. O crime consistiu na subtra\u00e7\u00e3o de diversos bens, entre eles, dois an\u00e9is e uma corrente de ouro, que somam um valor consider\u00e1vel. A r\u00e1pida a\u00e7\u00e3o da pol\u00edcia foi fundamental para que os objetos fossem recuperados e o suspeito, devidamente identificado.<\/p>\n<p>O furto, que deixou os moradores em estado de alerta, gerou uma mobiliza\u00e7\u00e3o significativa entre os agentes de seguran\u00e7a. Segundo informa\u00e7\u00f5es coletadas, o autor do crime foi identificado atrav\u00e9s de c\u00e2meras de seguran\u00e7a e den\u00fancias an\u00f4nimas que apontaram para suas atividades ilegais na regi\u00e3o. Ap\u00f3s a an\u00e1lise das evid\u00eancias, os policiais realizaram a abordagem e conseguiram recuperar os itens subtra\u00eddos, que haviam sido comercializados em um mercado local.<\/p>\n<p>Esse caso \u00e9 um exemplo da import\u00e2ncia da colabora\u00e7\u00e3o entre a comunidade e a pol\u00edcia. O SIG ressaltou que as informa\u00e7\u00f5es fornecidas pelos cidad\u00e3os s\u00e3o cruciais para o desmantelamento de atividades criminosas. A recupera\u00e7\u00e3o dos bens n\u00e3o s\u00f3 trouxe al\u00edvio para os propriet\u00e1rios, mas tamb\u00e9m reafirmou a confian\u00e7a da popula\u00e7\u00e3o nas for\u00e7as de seguran\u00e7a.<\/p>\n<p>Al\u00e9m da recupera\u00e7\u00e3o das joias, a pol\u00edcia investiga se o suspeito est\u00e1 ligado a outros crimes na regi\u00e3o, dado o aumento de furtos em Dourados nos \u00faltimos meses. As autoridades est\u00e3o trabalhando para estabelecer um patrulhamento mais intenso nas \u00e1reas consideradas vulner\u00e1veis, visando coibir a\u00e7\u00f5es criminosas e garantir a seguran\u00e7a da popula\u00e7\u00e3o.<\/p>\n<p>Em um comunicado \u00e0 imprensa, a Pol\u00edcia Civil destacou a import\u00e2ncia da preven\u00e7\u00e3o e da participa\u00e7\u00e3o cidad\u00e3 no combate ao crime. As den\u00fancias podem ser feitas anonimamente, e a colabora\u00e7\u00e3o da sociedade \u00e9 sempre bem-vinda. O caso em quest\u00e3o \u00e9 um lembrete de que, apesar dos desafios enfrentados, a uni\u00e3o entre a pol\u00edcia e a comunidade pode resultar em a\u00e7\u00f5es efetivas contra a criminalidade.<\/p>\n<p>Em resumo, a identifica\u00e7\u00e3o do autor do furto e a recupera\u00e7\u00e3o das joias representam um avan\u00e7o significativo na luta contra o crime em Dourados. A atua\u00e7\u00e3o diligente da pol\u00edcia e o apoio da popula\u00e7\u00e3o demonstram que juntos \u00e9 poss\u00edvel criar um ambiente mais seguro para todos.<\/p>\n","protected":false},"excerpt":{"rendered":"<p>A Pol\u00edcia Civil de Dourados identificou e prendeu o autor de um furto a uma resid\u00eancia no Jardim Tropical, recuperando joias valiosas. O caso destaca a import\u00e2ncia da colabora\u00e7\u00e3o da comunidade na luta contra a criminalidade.<\/p>\n","protected":false},"author":1,"featured_media":72,"comment_status":"open","ping_status":"open","sticky":false,"template":"","format":"standard","meta":{"footnotes":""},"categories":[1],"tags":[34,83,84,20,6],"class_list":["post-71","post","type-post","status-publish","format-standard","has-post-thumbnail","hentry","category-noticias","tag-dourados","tag-furto","tag-joias","tag-policia-civil","tag-seguranca-publica"],"_links":{"self":[{"href":"https:\/\/11121769.vozdecorumba.com.br\/index.php?rest_route=\/wp\/v2\/posts\/71","targetHints":{"allow":["GET"]}}],"collection":[{"href":"https:\/\/11121769.vozdecorumba.com.br\/index.php?rest_route=\/wp\/v2\/posts"}],"about":[{"href":"https:\/\/11121769.vozdecorumba.com.br\/index.php?rest_route=\/wp\/v2\/types\/post"}],"author":[{"embeddable":true,"href":"https:\/\/11121769.vozdecorumba.com.br\/index.php?rest_route=\/wp\/v2\/users\/1"}],"replies":[{"embeddable":true,"href":"https:\/\/11121769.vozdecorumba.com.br\/index.php?rest_route=%2Fwp%2Fv2%2Fcomments&post=71"}],"version-history":[{"count":0,"href":"https:\/\/11121769.vozdecorumba.com.br\/index.php?rest_route=\/wp\/v2\/posts\/71\/revisions"}],"wp:featuredmedia":[{"embeddable":true,"href":"https:\/\/11121769.vozdecorumba.com.br\/index.php?rest_route=\/wp\/v2\/media\/72"}],"wp:attachment":[{"href":"https:\/\/11121769.vozdecorumba.com.br\/index.php?rest_route=%2Fwp%2Fv2%2Fmedia&parent=71"}],"wp:term":[{"taxonomy":"category","embeddable":true,"href":"https:\/\/11121769.vozdecorumba.com.br\/index.php?rest_route=%2Fwp%2Fv2%2Fcategories&post=71"},{"taxonomy":"post_tag","embeddable":true,"href":"https:\/\/11121769.vozdecorumba.com.br\/index.php?rest_route=%2Fwp%2Fv2%2Ftags&post=71"}],"curies":[{"name":"wp","href":"https:\/\/api.w.org\/{rel}","templated":true}]}}