{"id":73,"date":"2026-04-28T08:37:00","date_gmt":"2026-04-28T12:37:00","guid":{"rendered":"https:\/\/11121769.vozdecorumba.com.br\/?p=73"},"modified":"2026-04-28T08:37:00","modified_gmt":"2026-04-28T12:37:00","slug":"policia-civil-prende-suspeito-por-receptacao-e-trafico-de-drogas-em-operacao-na-capital","status":"publish","type":"post","link":"https:\/\/11121769.vozdecorumba.com.br\/?p=73","title":{"rendered":"Pol\u00edcia Civil prende suspeito por recepta\u00e7\u00e3o e tr\u00e1fico de drogas em opera\u00e7\u00e3o na capital"},"content":{"rendered":"<h4>A\u00e7\u00e3o da Delegacia de Roubos e Furtos culmina na recupera\u00e7\u00e3o de bens furtados<\/h4>\n<p>Na manh\u00e3 de segunda-feira, 27 de outubro, uma opera\u00e7\u00e3o da Delegacia Especializada de Repress\u00e3o a Roubos e Furtos (DERF) resultou na pris\u00e3o de um homem de 29 anos, identificado como T.P.A., em flagrante por recepta\u00e7\u00e3o dolosa e tr\u00e1fico de drogas. A a\u00e7\u00e3o policial foi desencadeada ap\u00f3s investiga\u00e7\u00f5es que inclu\u00edram a an\u00e1lise de imagens de c\u00e2meras de seguran\u00e7a e informa\u00e7\u00f5es coletadas de fontes confi\u00e1veis.<\/p>\n<p>Os agentes da DERF iniciaram a opera\u00e7\u00e3o com base em den\u00fancias que indicavam a poss\u00edvel participa\u00e7\u00e3o do suspeito em atividades il\u00edcitas. A investiga\u00e7\u00e3o revelou que o homem possu\u00eda um hist\u00f3rico criminal que levantou suspeitas adicionais sobre suas atividades atuais. Durante a abordagem, os policiais encontraram com T.P.A. n\u00e3o apenas subst\u00e2ncias entorpecentes, mas tamb\u00e9m uma est\u00e1tua que havia sido furtada de uma hamburgueria local.<\/p>\n<p>O furto da est\u00e1tua, que atra\u00eda clientes e se tornou um s\u00edmbolo da hamburgueria, ocorreu h\u00e1 alguns dias e gerou grande repercuss\u00e3o nas redes sociais, com pedidos de ajuda para sua recupera\u00e7\u00e3o. A a\u00e7\u00e3o r\u00e1pida da pol\u00edcia n\u00e3o apenas resultou na pris\u00e3o do suspeito, mas tamb\u00e9m na devolu\u00e7\u00e3o do bem \u00e0 sua propriet\u00e1ria, que expressou al\u00edvio e gratid\u00e3o pela a\u00e7\u00e3o da DERF.<\/p>\n<p>A opera\u00e7\u00e3o tamb\u00e9m destacou a import\u00e2ncia da colabora\u00e7\u00e3o entre a popula\u00e7\u00e3o e as for\u00e7as de seguran\u00e7a. A den\u00fancia feita por um cidad\u00e3o local foi crucial para o sucesso da investiga\u00e7\u00e3o, evidenciando como a participa\u00e7\u00e3o da comunidade pode ser decisiva na luta contra a criminalidade.<\/p>\n<p>Al\u00e9m da recupera\u00e7\u00e3o da est\u00e1tua, a pol\u00edcia apreendeu uma quantidade significativa de drogas que estavam em posse do suspeito, indicando uma poss\u00edvel conex\u00e3o com o tr\u00e1fico na regi\u00e3o. A a\u00e7\u00e3o da pol\u00edcia foi elogiada por autoridades locais, que ressaltaram a efic\u00e1cia das investiga\u00e7\u00f5es e o comprometimento da DERF em manter a seguran\u00e7a da popula\u00e7\u00e3o.<\/p>\n<p>A pris\u00e3o de T.P.A. \u00e9 um exemplo de como a pol\u00edcia civil tem atuado para combater n\u00e3o apenas o furto de bens, mas tamb\u00e9m o tr\u00e1fico de drogas, que representa um problema crescente nas \u00e1reas urbanas. A integra\u00e7\u00e3o entre diferentes departamentos da pol\u00edcia e a utiliza\u00e7\u00e3o de tecnologia na investiga\u00e7\u00e3o s\u00e3o fundamentais para enfrentar esses desafios.<\/p>\n<p>Opera\u00e7\u00f5es como essa s\u00e3o vitais para a manuten\u00e7\u00e3o da ordem p\u00fablica e para a prote\u00e7\u00e3o dos cidad\u00e3os. A DERF reafirma seu compromisso em continuar as investiga\u00e7\u00f5es e opera\u00e7\u00f5es que visam desmantelar redes de tr\u00e1fico e recuperar bens furtados, garantindo um ambiente mais seguro para todos.<\/p>\n<p>As autoridades incentivam a popula\u00e7\u00e3o a continuar reportando atividades suspeitas, enfatizando que cada den\u00fancia pode ajudar a prevenir crimes e a promover a justi\u00e7a na comunidade.<\/p>\n","protected":false},"excerpt":{"rendered":"<p>Uma opera\u00e7\u00e3o da Delegacia de Roubos e Furtos resultou na pris\u00e3o de um homem de 29 anos por recepta\u00e7\u00e3o e tr\u00e1fico de drogas. A a\u00e7\u00e3o culminou na recupera\u00e7\u00e3o de uma est\u00e1tua furtada, destacando a import\u00e2ncia da colabora\u00e7\u00e3o entre a popula\u00e7\u00e3o e a pol\u00edcia.<\/p>\n","protected":false},"author":1,"featured_media":74,"comment_status":"open","ping_status":"open","sticky":false,"template":"","format":"standard","meta":{"footnotes":""},"categories":[1],"tags":[83,86,46,85,4],"class_list":["post-73","post","type-post","status-publish","format-standard","has-post-thumbnail","hentry","category-noticias","tag-furto","tag-investigacao","tag-policia","tag-receptacao","tag-trafico-de-drogas"],"_links":{"self":[{"href":"https:\/\/11121769.vozdecorumba.com.br\/index.php?rest_route=\/wp\/v2\/posts\/73","targetHints":{"allow":["GET"]}}],"collection":[{"href":"https:\/\/11121769.vozdecorumba.com.br\/index.php?rest_route=\/wp\/v2\/posts"}],"about":[{"href":"https:\/\/11121769.vozdecorumba.com.br\/index.php?rest_route=\/wp\/v2\/types\/post"}],"author":[{"embeddable":true,"href":"https:\/\/11121769.vozdecorumba.com.br\/index.php?rest_route=\/wp\/v2\/users\/1"}],"replies":[{"embeddable":true,"href":"https:\/\/11121769.vozdecorumba.com.br\/index.php?rest_route=%2Fwp%2Fv2%2Fcomments&post=73"}],"version-history":[{"count":0,"href":"https:\/\/11121769.vozdecorumba.com.br\/index.php?rest_route=\/wp\/v2\/posts\/73\/revisions"}],"wp:featuredmedia":[{"embeddable":true,"href":"https:\/\/11121769.vozdecorumba.com.br\/index.php?rest_route=\/wp\/v2\/media\/74"}],"wp:attachment":[{"href":"https:\/\/11121769.vozdecorumba.com.br\/index.php?rest_route=%2Fwp%2Fv2%2Fmedia&parent=73"}],"wp:term":[{"taxonomy":"category","embeddable":true,"href":"https:\/\/11121769.vozdecorumba.com.br\/index.php?rest_route=%2Fwp%2Fv2%2Fcategories&post=73"},{"taxonomy":"post_tag","embeddable":true,"href":"https:\/\/11121769.vozdecorumba.com.br\/index.php?rest_route=%2Fwp%2Fv2%2Ftags&post=73"}],"curies":[{"name":"wp","href":"https:\/\/api.w.org\/{rel}","templated":true}]}}