{"id":75,"date":"2026-04-28T08:37:15","date_gmt":"2026-04-28T12:37:15","guid":{"rendered":"https:\/\/11121769.vozdecorumba.com.br\/?p=75"},"modified":"2026-04-28T08:37:15","modified_gmt":"2026-04-28T12:37:15","slug":"suspensao-temporaria-do-atendimento-na-depac-cepol-por-reformas","status":"publish","type":"post","link":"https:\/\/11121769.vozdecorumba.com.br\/?p=75","title":{"rendered":"Suspens\u00e3o Tempor\u00e1ria do Atendimento na DEPAC Cepol por Reformas"},"content":{"rendered":"<h4>Unidade de Pol\u00edcia Civil interrompe servi\u00e7os ao p\u00fablico, mas mant\u00e9m suporte \u00e0s for\u00e7as policiais durante obras.<\/h4>\n<p>A Delegacia de Pronto Atendimento Comunit\u00e1rio (DEPAC) Cepol, localizada na Rua Soldado PM Reinaldo de Andrade, 167, no Bairro Tiradentes, anunciou uma interrup\u00e7\u00e3o tempor\u00e1ria no atendimento ao p\u00fablico. A suspens\u00e3o dos servi\u00e7os de registro de Boletins de Ocorr\u00eancia ocorrer\u00e1 a partir das 8h do dia 28 de abril e se estender\u00e1 at\u00e9 as 8h do dia 30 de abril. Essa medida se deve a uma reforma necess\u00e1ria para melhorar as instala\u00e7\u00f5es e a qualidade do atendimento oferecido aos cidad\u00e3os.<\/p>\n<p>Durante esse per\u00edodo, as for\u00e7as policiais continuar\u00e3o recebendo atendimento normalmente, utilizando uma entrada alternativa que n\u00e3o ser\u00e1 afetada pelas obras. Essa decis\u00e3o vem ao encontro da necessidade de garantir que as opera\u00e7\u00f5es policiais n\u00e3o sofram interrup\u00e7\u00f5es, mesmo com a reforma em andamento.<\/p>\n<p>A melhoria das instala\u00e7\u00f5es da DEPAC Cepol \u00e9 uma a\u00e7\u00e3o priorit\u00e1ria, uma vez que a unidade atende a uma significativa demanda da popula\u00e7\u00e3o local por servi\u00e7os de seguran\u00e7a e registro de ocorr\u00eancias. Com a reforma, o objetivo \u00e9 proporcionar um ambiente mais adequado tanto para os cidad\u00e3os quanto para os profissionais que trabalham no local.<\/p>\n<p>\u00c9 importante que os cidad\u00e3os que necessitam registrar um Boletim de Ocorr\u00eancia durante esse per\u00edodo busquem alternativas. Uma op\u00e7\u00e3o \u00e9 o atendimento em outras unidades de pol\u00edcia civil dispon\u00edveis na regi\u00e3o. A consulta a essas unidades pode ser feita por meio do site oficial da Pol\u00edcia Civil ou atrav\u00e9s de contatos diretos com as delegacias.<\/p>\n<p>Al\u00e9m disso, a popula\u00e7\u00e3o \u00e9 orientada a acompanhar as atualiza\u00e7\u00f5es sobre o retorno do atendimento normalizado na DEPAC Cepol. A reforma \u00e9 um passo importante para assegurar n\u00e3o apenas a melhoria das condi\u00e7\u00f5es de trabalho, mas tamb\u00e9m o fortalecimento dos servi\u00e7os prestados \u00e0 comunidade.<\/p>\n<p>A suspens\u00e3o tempor\u00e1ria do atendimento \u00e9 uma quest\u00e3o que pode causar transtornos, mas \u00e9 vista como uma necessidade para o aprimoramento das opera\u00e7\u00f5es da pol\u00edcia civil. A administra\u00e7\u00e3o da unidade pede a compreens\u00e3o dos cidad\u00e3os e assegura que, ao fim das obras, a unidade estar\u00e1 mais equipada para atender \u00e0s demandas da popula\u00e7\u00e3o de forma eficiente.<\/p>\n<p>A reforma da DEPAC Cepol \u00e9 um reflexo do compromisso das autoridades com a seguran\u00e7a p\u00fablica e o bem-estar da comunidade, buscando sempre oferecer um servi\u00e7o de qualidade e acessibilidade a todos os cidad\u00e3os que necessitam de assist\u00eancia policial.<\/p>\n","protected":false},"excerpt":{"rendered":"<p>A DEPAC Cepol suspender\u00e1 o atendimento ao p\u00fablico para registros de Boletins de Ocorr\u00eancia entre os dias 28 e 30 de abril devido a reformas. As for\u00e7as policiais seguir\u00e3o sendo atendidas normalmente durante este per\u00edodo.<\/p>\n","protected":false},"author":1,"featured_media":76,"comment_status":"open","ping_status":"open","sticky":false,"template":"","format":"standard","meta":{"footnotes":""},"categories":[1],"tags":[88,90,87,20,89],"class_list":["post-75","post","type-post","status-publish","format-standard","has-post-thumbnail","hentry","category-noticias","tag-atendimento-ao-publico","tag-boletins-de-ocorrencia","tag-depac-cepol","tag-policia-civil","tag-reforma"],"_links":{"self":[{"href":"https:\/\/11121769.vozdecorumba.com.br\/index.php?rest_route=\/wp\/v2\/posts\/75","targetHints":{"allow":["GET"]}}],"collection":[{"href":"https:\/\/11121769.vozdecorumba.com.br\/index.php?rest_route=\/wp\/v2\/posts"}],"about":[{"href":"https:\/\/11121769.vozdecorumba.com.br\/index.php?rest_route=\/wp\/v2\/types\/post"}],"author":[{"embeddable":true,"href":"https:\/\/11121769.vozdecorumba.com.br\/index.php?rest_route=\/wp\/v2\/users\/1"}],"replies":[{"embeddable":true,"href":"https:\/\/11121769.vozdecorumba.com.br\/index.php?rest_route=%2Fwp%2Fv2%2Fcomments&post=75"}],"version-history":[{"count":0,"href":"https:\/\/11121769.vozdecorumba.com.br\/index.php?rest_route=\/wp\/v2\/posts\/75\/revisions"}],"wp:featuredmedia":[{"embeddable":true,"href":"https:\/\/11121769.vozdecorumba.com.br\/index.php?rest_route=\/wp\/v2\/media\/76"}],"wp:attachment":[{"href":"https:\/\/11121769.vozdecorumba.com.br\/index.php?rest_route=%2Fwp%2Fv2%2Fmedia&parent=75"}],"wp:term":[{"taxonomy":"category","embeddable":true,"href":"https:\/\/11121769.vozdecorumba.com.br\/index.php?rest_route=%2Fwp%2Fv2%2Fcategories&post=75"},{"taxonomy":"post_tag","embeddable":true,"href":"https:\/\/11121769.vozdecorumba.com.br\/index.php?rest_route=%2Fwp%2Fv2%2Ftags&post=75"}],"curies":[{"name":"wp","href":"https:\/\/api.w.org\/{rel}","templated":true}]}}