{"id":81,"date":"2026-04-28T08:40:58","date_gmt":"2026-04-28T12:40:58","guid":{"rendered":"https:\/\/11121769.vozdecorumba.com.br\/?p=81"},"modified":"2026-04-28T08:40:58","modified_gmt":"2026-04-28T12:40:58","slug":"veiculo-furtado-e-recuperado-pela-policia-militar-em-tres-lagoas","status":"publish","type":"post","link":"https:\/\/11121769.vozdecorumba.com.br\/?p=81","title":{"rendered":"Ve\u00edculo Furtado \u00e9 Recuperado pela Pol\u00edcia Militar em Tr\u00eas Lagoas"},"content":{"rendered":"<h4>A\u00e7\u00e3o r\u00e1pida da For\u00e7a T\u00e1tica resulta na localiza\u00e7\u00e3o de autom\u00f3vel roubado na cidade sul-mato-grossense.<\/h4>\n<p>No dia 27 de abril, a Pol\u00edcia Militar de Tr\u00eas Lagoas, pertencente ao 2\u00ba Batalh\u00e3o, realizou uma opera\u00e7\u00e3o que resultou na recupera\u00e7\u00e3o de um ve\u00edculo que havia sido furtado. A a\u00e7\u00e3o ocorreu por volta das 11h, quando uma guarni\u00e7\u00e3o da For\u00e7a T\u00e1tica realizava o patrulhamento preventivo na \u00e1rea do bairro Vila Nova. Durante a ronda na Rua Felipe Nery Monteiro, os policiais avistaram um autom\u00f3vel suspeito, o que levou \u00e0 abordagem e verifica\u00e7\u00e3o da situa\u00e7\u00e3o do ve\u00edculo.<\/p>\n<p>A r\u00e1pida a\u00e7\u00e3o da equipe resultou na confirma\u00e7\u00e3o de que o carro era, de fato, objeto de furto. A recupera\u00e7\u00e3o do ve\u00edculo n\u00e3o apenas demonstrou a efic\u00e1cia do policiamento ostensivo na regi\u00e3o, mas tamb\u00e9m trouxe al\u00edvio para o propriet\u00e1rio, que pode reaver seu bem. Este incidente \u00e9 um exemplo claro da import\u00e2ncia do trabalho preventivo da Pol\u00edcia Militar, que visa n\u00e3o apenas a repress\u00e3o ao crime, mas tamb\u00e9m a prote\u00e7\u00e3o da comunidade.<\/p>\n<p>Tr\u00eas Lagoas, uma das cidades mais importantes do estado de Mato Grosso do Sul, tem registrado v\u00e1rias a\u00e7\u00f5es de combate ao crime nos \u00faltimos meses. A presen\u00e7a constante da Pol\u00edcia Militar nas ruas, em especial em \u00e1reas consideradas vulner\u00e1veis, tem contribu\u00eddo para a redu\u00e7\u00e3o de delitos, como furtos e roubos.<\/p>\n<p>Recentemente, o comando do 2\u00ba BPM intensificou as opera\u00e7\u00f5es de patrulhamento, principalmente em hor\u00e1rios e locais estrat\u00e9gicos, resultando em um aumento na recupera\u00e7\u00e3o de bens furtados e na pris\u00e3o de suspeitos. Al\u00e9m disso, a colabora\u00e7\u00e3o da popula\u00e7\u00e3o tem sido fundamental, com den\u00fancias an\u00f4nimas e informa\u00e7\u00f5es que auxiliam as for\u00e7as de seguran\u00e7a a agir de forma mais eficaz.<\/p>\n<p>A atua\u00e7\u00e3o da Pol\u00edcia Militar em Tr\u00eas Lagoas tamb\u00e9m \u00e9 apoiada por programas de conscientiza\u00e7\u00e3o e preven\u00e7\u00e3o ao crime, que buscam educar os cidad\u00e3os sobre a import\u00e2ncia da seguran\u00e7a pessoal e coletiva. A comunidade \u00e9 incentivada a participar ativamente, relatando atividades suspeitas e colaborando com as autoridades.<\/p>\n<p>Este caso espec\u00edfico do ve\u00edculo recuperado \u00e9 um lembrete de que, com a uni\u00e3o entre a popula\u00e7\u00e3o e as for\u00e7as de seguran\u00e7a, \u00e9 poss\u00edvel criar um ambiente mais seguro para todos. O trabalho cont\u00ednuo da Pol\u00edcia Militar, aliado ao suporte da comunidade, \u00e9 essencial para a constru\u00e7\u00e3o de um futuro com menos viol\u00eancia e mais tranquilidade.<\/p>\n","protected":false},"excerpt":{"rendered":"<p>A Pol\u00edcia Militar de Tr\u00eas Lagoas recuperou um ve\u00edculo furtado gra\u00e7as \u00e0 a\u00e7\u00e3o da For\u00e7a T\u00e1tica durante patrulhamento na regi\u00e3o. O incidente destaca a import\u00e2ncia do policiamento preventivo e da colabora\u00e7\u00e3o da comunidade na seguran\u00e7a p\u00fablica.<\/p>\n","protected":false},"author":1,"featured_media":82,"comment_status":"open","ping_status":"open","sticky":false,"template":"","format":"standard","meta":{"footnotes":""},"categories":[1],"tags":[97,5,96,6,95],"class_list":["post-81","post","type-post","status-publish","format-standard","has-post-thumbnail","hentry","category-noticias","tag-forca-tatica","tag-policia-militar","tag-recuperacao-de-veiculos","tag-seguranca-publica","tag-tres-lagoas"],"_links":{"self":[{"href":"https:\/\/11121769.vozdecorumba.com.br\/index.php?rest_route=\/wp\/v2\/posts\/81","targetHints":{"allow":["GET"]}}],"collection":[{"href":"https:\/\/11121769.vozdecorumba.com.br\/index.php?rest_route=\/wp\/v2\/posts"}],"about":[{"href":"https:\/\/11121769.vozdecorumba.com.br\/index.php?rest_route=\/wp\/v2\/types\/post"}],"author":[{"embeddable":true,"href":"https:\/\/11121769.vozdecorumba.com.br\/index.php?rest_route=\/wp\/v2\/users\/1"}],"replies":[{"embeddable":true,"href":"https:\/\/11121769.vozdecorumba.com.br\/index.php?rest_route=%2Fwp%2Fv2%2Fcomments&post=81"}],"version-history":[{"count":0,"href":"https:\/\/11121769.vozdecorumba.com.br\/index.php?rest_route=\/wp\/v2\/posts\/81\/revisions"}],"wp:featuredmedia":[{"embeddable":true,"href":"https:\/\/11121769.vozdecorumba.com.br\/index.php?rest_route=\/wp\/v2\/media\/82"}],"wp:attachment":[{"href":"https:\/\/11121769.vozdecorumba.com.br\/index.php?rest_route=%2Fwp%2Fv2%2Fmedia&parent=81"}],"wp:term":[{"taxonomy":"category","embeddable":true,"href":"https:\/\/11121769.vozdecorumba.com.br\/index.php?rest_route=%2Fwp%2Fv2%2Fcategories&post=81"},{"taxonomy":"post_tag","embeddable":true,"href":"https:\/\/11121769.vozdecorumba.com.br\/index.php?rest_route=%2Fwp%2Fv2%2Ftags&post=81"}],"curies":[{"name":"wp","href":"https:\/\/api.w.org\/{rel}","templated":true}]}}