{"id":83,"date":"2026-04-28T08:41:13","date_gmt":"2026-04-28T12:41:13","guid":{"rendered":"https:\/\/11121769.vozdecorumba.com.br\/?p=83"},"modified":"2026-04-28T08:41:13","modified_gmt":"2026-04-28T12:41:13","slug":"reuniao-estrategica-une-forcas-de-seguranca-de-mato-grosso-do-sul-e-mato-grosso-em-coxim","status":"publish","type":"post","link":"https:\/\/11121769.vozdecorumba.com.br\/?p=83","title":{"rendered":"Reuni\u00e3o Estrat\u00e9gica une For\u00e7as de Seguran\u00e7a de Mato Grosso do Sul e Mato Grosso em Coxim"},"content":{"rendered":"<h4>Encontro visa melhorar a colabora\u00e7\u00e3o entre estados na luta contra a criminalidade<\/h4>\n<p>Na manh\u00e3 desta segunda-feira, 27 de mar\u00e7o, o 5\u00ba Batalh\u00e3o de Pol\u00edcia Militar, localizado em Coxim, foi o cen\u00e1rio de um encontro crucial que teve como objetivo fortalecer a coopera\u00e7\u00e3o entre as for\u00e7as de seguran\u00e7a p\u00fablica de Mato Grosso do Sul e Mato Grosso. O evento contou com a presen\u00e7a de representantes de diversas institui\u00e7\u00f5es de seguran\u00e7a, al\u00e9m de autoridades locais, e foi coordenado pela Secretaria Executiva do Gabinete de Gest\u00e3o Integrada de Fronteira.<\/p>\n<p>Durante a reuni\u00e3o, foram discutidas estrat\u00e9gias para o combate ao crime organizado, uma preocupa\u00e7\u00e3o crescente nas regi\u00f5es de fronteira. As autoridades enfatizaram a import\u00e2ncia da troca de informa\u00e7\u00f5es e a integra\u00e7\u00e3o das opera\u00e7\u00f5es, visando um enfrentamento mais eficaz das atividades il\u00edcitas que afetam tanto os dois estados quanto a sociedade como um todo.<\/p>\n<p>A reuni\u00e3o tamb\u00e9m serviu como um espa\u00e7o para discutir desafios comuns enfrentados por ambas as for\u00e7as, como o tr\u00e1fico de drogas e a viol\u00eancia urbana. A troca de experi\u00eancias e melhores pr\u00e1ticas foi um dos pontos altos do encontro, onde cada representante teve a oportunidade de compartilhar suas viv\u00eancias e solu\u00e7\u00f5es que t\u00eam funcionado em suas respectivas \u00e1reas.<\/p>\n<p>A colabora\u00e7\u00e3o entre os estados \u00e9 essencial, considerando que muitas das organiza\u00e7\u00f5es criminosas atuam de forma transnacional, o que exige uma resposta coordenada. Nesse sentido, a reuni\u00e3o de Coxim se apresenta como um passo importante na constru\u00e7\u00e3o de uma rede de seguran\u00e7a mais robusta, capaz de responder de maneira \u00e1gil e integrada \u00e0s amea\u00e7as.<\/p>\n<p>Al\u00e9m dos aspectos operacionais, os participantes tamb\u00e9m trataram da necessidade de capacita\u00e7\u00e3o cont\u00ednua das for\u00e7as de seguran\u00e7a, com sugest\u00f5es para treinamentos conjuntos e a utiliza\u00e7\u00e3o de novas tecnologias que possam aprimorar a atua\u00e7\u00e3o policial.<\/p>\n<p>Um dos pontos destacados durante o encontro foi a import\u00e2ncia da comunidade no apoio \u00e0s a\u00e7\u00f5es de seguran\u00e7a. Incentivar a popula\u00e7\u00e3o a colaborar com informa\u00e7\u00f5es e participar de programas de preven\u00e7\u00e3o \u00e9 fundamental para a efic\u00e1cia das opera\u00e7\u00f5es. As for\u00e7as de seguran\u00e7a est\u00e3o em busca de estreitar la\u00e7os com a comunidade, promovendo a\u00e7\u00f5es que valorizem essa parceria.<\/p>\n<p>Ao final do encontro, as autoridades reafirmaram o compromisso de seguir trabalhando em conjunto, com reuni\u00f5es peri\u00f3dicas programadas para manter o di\u00e1logo e a colabora\u00e7\u00e3o ativa entre as for\u00e7as de seguran\u00e7a dos dois estados. O evento em Coxim representa n\u00e3o apenas uma reuni\u00e3o de trabalho, mas um marco na constru\u00e7\u00e3o de uma estrat\u00e9gia integrada contra o crime.<\/p>\n<p>Esse tipo de aproxima\u00e7\u00e3o \u00e9 um modelo que pode ser replicado em outras regi\u00f5es do Brasil, onde o crime organizado tamb\u00e9m apresenta desafios significativos. A experi\u00eancia de Coxim pode servir de exemplo para outras iniciativas que busquem unir esfor\u00e7os de forma eficaz na seguran\u00e7a p\u00fablica.<\/p>\n","protected":false},"excerpt":{"rendered":"<p>O encontro realizado em Coxim reuniu for\u00e7as de seguran\u00e7a de Mato Grosso do Sul e Mato Grosso para discutir estrat\u00e9gias conjuntas no combate ao crime. A colabora\u00e7\u00e3o entre os estados \u00e9 vista como essencial para enfrentar as amea\u00e7as do crime organizado.<\/p>\n","protected":false},"author":1,"featured_media":84,"comment_status":"open","ping_status":"open","sticky":false,"template":"","format":"standard","meta":{"footnotes":""},"categories":[1],"tags":[99,98,7,46,6],"class_list":["post-83","post","type-post","status-publish","format-standard","has-post-thumbnail","hentry","category-noticias","tag-cooperacao-entre-estados","tag-mato-grosso","tag-mato-grosso-do-sul","tag-policia","tag-seguranca-publica"],"_links":{"self":[{"href":"https:\/\/11121769.vozdecorumba.com.br\/index.php?rest_route=\/wp\/v2\/posts\/83","targetHints":{"allow":["GET"]}}],"collection":[{"href":"https:\/\/11121769.vozdecorumba.com.br\/index.php?rest_route=\/wp\/v2\/posts"}],"about":[{"href":"https:\/\/11121769.vozdecorumba.com.br\/index.php?rest_route=\/wp\/v2\/types\/post"}],"author":[{"embeddable":true,"href":"https:\/\/11121769.vozdecorumba.com.br\/index.php?rest_route=\/wp\/v2\/users\/1"}],"replies":[{"embeddable":true,"href":"https:\/\/11121769.vozdecorumba.com.br\/index.php?rest_route=%2Fwp%2Fv2%2Fcomments&post=83"}],"version-history":[{"count":0,"href":"https:\/\/11121769.vozdecorumba.com.br\/index.php?rest_route=\/wp\/v2\/posts\/83\/revisions"}],"wp:featuredmedia":[{"embeddable":true,"href":"https:\/\/11121769.vozdecorumba.com.br\/index.php?rest_route=\/wp\/v2\/media\/84"}],"wp:attachment":[{"href":"https:\/\/11121769.vozdecorumba.com.br\/index.php?rest_route=%2Fwp%2Fv2%2Fmedia&parent=83"}],"wp:term":[{"taxonomy":"category","embeddable":true,"href":"https:\/\/11121769.vozdecorumba.com.br\/index.php?rest_route=%2Fwp%2Fv2%2Fcategories&post=83"},{"taxonomy":"post_tag","embeddable":true,"href":"https:\/\/11121769.vozdecorumba.com.br\/index.php?rest_route=%2Fwp%2Fv2%2Ftags&post=83"}],"curies":[{"name":"wp","href":"https:\/\/api.w.org\/{rel}","templated":true}]}}