{"id":85,"date":"2026-04-28T08:41:32","date_gmt":"2026-04-28T12:41:32","guid":{"rendered":"https:\/\/11121769.vozdecorumba.com.br\/?p=85"},"modified":"2026-04-28T08:41:32","modified_gmt":"2026-04-28T12:41:32","slug":"trio-e-detido-pela-pm-em-corumba-apos-tentativa-de-roubo","status":"publish","type":"post","link":"https:\/\/11121769.vozdecorumba.com.br\/?p=85","title":{"rendered":"Trio \u00e9 Detido pela PM em Corumb\u00e1 Ap\u00f3s Tentativa de Roubo"},"content":{"rendered":"<h4>A\u00e7\u00e3o r\u00e1pida da Pol\u00edcia Militar resulta na pris\u00e3o de suspeitos de roubo armado em Corumb\u00e1, MS.<\/h4>\n<p>Na tarde do \u00faltimo domingo, 26 de mar\u00e7o, a Pol\u00edcia Militar de Corumb\u00e1, no Mato Grosso do Sul, efetuou a pris\u00e3o de tr\u00eas homens envolvidos em uma tentativa de roubo \u00e0 m\u00e3o armada no Bairro Dom Bosco. A a\u00e7\u00e3o foi desencadeada ap\u00f3s um chamado ao Centro de Opera\u00e7\u00f5es da pol\u00edcia, que mobilizou a equipe da For\u00e7a T\u00e1tica para o local da ocorr\u00eancia. Ao chegar, os policiais foram informados pela v\u00edtima que havia sido surpreendida em frente \u00e0 sua resid\u00eancia por indiv\u00edduos armados, que anunciaram o assalto e exigiram seus pertences. <\/p>\n<p>A v\u00edtima, visivelmente abalada, conseguiu descrever os criminosos e as caracter\u00edsticas do ve\u00edculo utilizado na fuga. Com essas informa\u00e7\u00f5es, a equipe da For\u00e7a T\u00e1tica iniciou as buscas nas redondezas. Em pouco tempo, os suspeitos foram localizados, e uma abordagem foi realizada. Durante a abordagem, os policiais encontraram um rev\u00f3lver e objetos que pertenciam \u00e0 v\u00edtima, confirmando a participa\u00e7\u00e3o dos detidos no crime. <\/p>\n<p>A a\u00e7\u00e3o r\u00e1pida da pol\u00edcia evitou que o caso se agravasse e garantiu a seguran\u00e7a da comunidade. Em situa\u00e7\u00f5es como essa, o papel da Pol\u00edcia Militar \u00e9 crucial, pois a agilidade na resposta pode reduzir os danos e trazer um senso de seguran\u00e7a \u00e0 popula\u00e7\u00e3o. <\/p>\n<p>Al\u00e9m disso, a colabora\u00e7\u00e3o da comunidade em reportar atividades suspeitas \u00e9 fundamental para o sucesso das opera\u00e7\u00f5es policiais. A confian\u00e7a m\u00fatua entre a popula\u00e7\u00e3o e a pol\u00edcia pode resultar em um ambiente mais seguro para todos. O trabalho em conjunto j\u00e1 demonstrou sua efic\u00e1cia em v\u00e1rias situa\u00e7\u00f5es, onde a r\u00e1pida comunica\u00e7\u00e3o e a a\u00e7\u00e3o de resposta levaram \u00e0 captura de suspeitos e \u00e0 recupera\u00e7\u00e3o de bens roubados. <\/p>\n<p>O trio detido foi encaminhado \u00e0 delegacia local, onde ficou \u00e0 disposi\u00e7\u00e3o da Justi\u00e7a. As investiga\u00e7\u00f5es continuar\u00e3o para verificar a poss\u00edvel participa\u00e7\u00e3o do grupo em outros crimes na regi\u00e3o. Essa ocorr\u00eancia destaca a import\u00e2ncia de uma resposta cont\u00ednua e eficaz das autoridades no combate \u00e0 criminalidade, refor\u00e7ando a necessidade de estrat\u00e9gias de seguran\u00e7a p\u00fablica que priorizem a prote\u00e7\u00e3o dos cidad\u00e3os. <\/p>\n<p>No final, a situa\u00e7\u00e3o evidenciou n\u00e3o apenas a efic\u00e1cia das a\u00e7\u00f5es policiais, mas tamb\u00e9m a import\u00e2ncia da preven\u00e7\u00e3o e do envolvimento da comunidade na luta contra a criminalidade. Medidas de seguran\u00e7a, como a instala\u00e7\u00e3o de c\u00e2meras de vigil\u00e2ncia e programas de conscientiza\u00e7\u00e3o, podem ser aliadas no fortalecimento da seguran\u00e7a em bairros e comunidades.<\/p>\n","protected":false},"excerpt":{"rendered":"<p>A Pol\u00edcia Militar prendeu tr\u00eas homens em Corumb\u00e1 ap\u00f3s uma tentativa de roubo \u00e0 m\u00e3o armada. A r\u00e1pida resposta policial e a colabora\u00e7\u00e3o da comunidade foram essenciais para a captura dos suspeitos.<\/p>\n","protected":false},"author":1,"featured_media":86,"comment_status":"open","ping_status":"open","sticky":false,"template":"","format":"standard","meta":{"footnotes":""},"categories":[1],"tags":[80,97,5,36,6],"class_list":["post-85","post","type-post","status-publish","format-standard","has-post-thumbnail","hentry","category-noticias","tag-corumba","tag-forca-tatica","tag-policia-militar","tag-roubo","tag-seguranca-publica"],"_links":{"self":[{"href":"https:\/\/11121769.vozdecorumba.com.br\/index.php?rest_route=\/wp\/v2\/posts\/85","targetHints":{"allow":["GET"]}}],"collection":[{"href":"https:\/\/11121769.vozdecorumba.com.br\/index.php?rest_route=\/wp\/v2\/posts"}],"about":[{"href":"https:\/\/11121769.vozdecorumba.com.br\/index.php?rest_route=\/wp\/v2\/types\/post"}],"author":[{"embeddable":true,"href":"https:\/\/11121769.vozdecorumba.com.br\/index.php?rest_route=\/wp\/v2\/users\/1"}],"replies":[{"embeddable":true,"href":"https:\/\/11121769.vozdecorumba.com.br\/index.php?rest_route=%2Fwp%2Fv2%2Fcomments&post=85"}],"version-history":[{"count":0,"href":"https:\/\/11121769.vozdecorumba.com.br\/index.php?rest_route=\/wp\/v2\/posts\/85\/revisions"}],"wp:featuredmedia":[{"embeddable":true,"href":"https:\/\/11121769.vozdecorumba.com.br\/index.php?rest_route=\/wp\/v2\/media\/86"}],"wp:attachment":[{"href":"https:\/\/11121769.vozdecorumba.com.br\/index.php?rest_route=%2Fwp%2Fv2%2Fmedia&parent=85"}],"wp:term":[{"taxonomy":"category","embeddable":true,"href":"https:\/\/11121769.vozdecorumba.com.br\/index.php?rest_route=%2Fwp%2Fv2%2Fcategories&post=85"},{"taxonomy":"post_tag","embeddable":true,"href":"https:\/\/11121769.vozdecorumba.com.br\/index.php?rest_route=%2Fwp%2Fv2%2Ftags&post=85"}],"curies":[{"name":"wp","href":"https:\/\/api.w.org\/{rel}","templated":true}]}}